{"id":6215,"date":"2025-09-09T09:48:46","date_gmt":"2025-09-09T07:48:46","guid":{"rendered":"https:\/\/sita.org.rs\/?p=6215"},"modified":"2025-09-09T09:52:32","modified_gmt":"2025-09-09T07:52:32","slug":"memorandum-signed-with-ntp-cacak","status":"publish","type":"post","link":"https:\/\/sita.org.rs\/en\/news\/2025\/09\/memorandum-signed-with-ntp-cacak\/","title":{"rendered":"Memorandum Signed with NTP \u010ca\u010dak"},"content":{"rendered":"<h1 data-start=\"83\" data-end=\"144\">Cooperation Agreement Signed Between SITA and NTP \u010ca\u010dak<\/h1>\n<p data-start=\"146\" data-end=\"442\">The Serbian IT Association (SITA) is pleased to announce the signing of a Memorandum of Cooperation with the Science and Technology Park (NTP) in \u010ca\u010dak, marking the beginning of a new chapter in strengthening innovation and supporting the development of the entrepreneurial ecosystem in Serbia.<\/p>\n<p data-start=\"146\" data-end=\"442\"><img fetchpriority=\"high\" decoding=\"async\" class=\"alignnone size-full wp-image-6211\" src=\"https:\/\/sita.org.rs\/files\/2025\/09\/D75_0110.jpg\" alt=\"\" width=\"2048\" height=\"1367\" srcset=\"https:\/\/sita.org.rs\/files\/2025\/09\/D75_0110.jpg 2048w, https:\/\/sita.org.rs\/files\/2025\/09\/D75_0110-300x200.jpg 300w, https:\/\/sita.org.rs\/files\/2025\/09\/D75_0110-1024x684.jpg 1024w, https:\/\/sita.org.rs\/files\/2025\/09\/D75_0110-768x513.jpg 768w, https:\/\/sita.org.rs\/files\/2025\/09\/D75_0110-1536x1025.jpg 1536w\" sizes=\"(max-width: 2048px) 100vw, 2048px\" \/><\/p>\n<p data-start=\"444\" data-end=\"795\">This memorandum defines activities aimed at improving the connection between business and academia, encouraging knowledge exchange, and creating new opportunities for IT companies, startups, and young talent. The cooperation seeks to enhance both the local and national IT sector through support programs, education, and the promotion of innovation.<\/p>\n<p data-start=\"797\" data-end=\"1237\">On this occasion, Darko Vasili\u0107, Director of NTP \u010ca\u010dak, stated:<br data-start=\"860\" data-end=\"863\" \/><em data-start=\"863\" data-end=\"1235\">\u201cWe believe that joint initiatives will strengthen the ties between academia and business, while also creating conditions for the IT sector to become one of the key drivers of economic development in this region. We are especially pleased that this cooperation will allow young people to gain practical knowledge, develop their ideas, and connect with industry leaders.\u201d<\/em><\/p>\n<h2 data-start=\"1239\" data-end=\"1323\">Panel Discussion \u201cBiznis razgibavanje\u201d \u2013 Startups and the Challenges of Growth<\/h2>\n<p data-start=\"1325\" data-end=\"1641\">Following the signing of the memorandum, Marko Vu\u010deti\u0107, Director of the Serbian IT Association, took part in the panel discussion <em data-start=\"1455\" data-end=\"1479\">\u201cBiznis razgibavanje.\u201d<\/em> The event brought together IT professionals and entrepreneurs with the goal of exchanging experiences and providing practical advice for overcoming challenges.<\/p>\n<p data-start=\"1325\" data-end=\"1641\"><img decoding=\"async\" class=\"alignnone size-full wp-image-6213\" src=\"https:\/\/sita.org.rs\/files\/2025\/09\/D75_0214.jpg\" alt=\"\" width=\"2048\" height=\"1367\" srcset=\"https:\/\/sita.org.rs\/files\/2025\/09\/D75_0214.jpg 2048w, https:\/\/sita.org.rs\/files\/2025\/09\/D75_0214-300x200.jpg 300w, https:\/\/sita.org.rs\/files\/2025\/09\/D75_0214-1024x684.jpg 1024w, https:\/\/sita.org.rs\/files\/2025\/09\/D75_0214-768x513.jpg 768w, https:\/\/sita.org.rs\/files\/2025\/09\/D75_0214-1536x1025.jpg 1536w\" sizes=\"(max-width: 2048px) 100vw, 2048px\" \/><\/p>\n<p data-start=\"1643\" data-end=\"2017\">Panelists emphasized that understanding the market and being ready to adapt quickly to changes are crucial for startup success. Particular focus was placed on the challenges of securing funding, finding the right partners, and identifying the appropriate market. The importance of prioritizing domestic over foreign markets and solving local problems was also highlighted.<\/p>\n<p data-start=\"2019\" data-end=\"2238\">Marko Vu\u010deti\u0107 stressed that startups are one of the most dynamic segments of the domestic economy, but that more needs to be done to create a favorable business environment and provide incentives for young innovators.<\/p>\n<p data-start=\"2019\" data-end=\"2238\"><img decoding=\"async\" class=\"alignnone size-full wp-image-6216\" src=\"https:\/\/sita.org.rs\/files\/2025\/09\/D75_0183.jpg\" alt=\"\" width=\"2048\" height=\"1367\" srcset=\"https:\/\/sita.org.rs\/files\/2025\/09\/D75_0183.jpg 2048w, https:\/\/sita.org.rs\/files\/2025\/09\/D75_0183-300x200.jpg 300w, https:\/\/sita.org.rs\/files\/2025\/09\/D75_0183-1024x684.jpg 1024w, https:\/\/sita.org.rs\/files\/2025\/09\/D75_0183-768x513.jpg 768w, https:\/\/sita.org.rs\/files\/2025\/09\/D75_0183-1536x1025.jpg 1536w\" sizes=\"(max-width: 2048px) 100vw, 2048px\" \/><\/p>\n<p data-start=\"2240\" data-end=\"2482\">The discussion demonstrated that, despite numerous challenges, startups hold enormous potential to contribute to economic growth and job creation. Events like this are invaluable for fostering connections and inspiring future entrepreneurs.<\/p>\n","protected":false},"excerpt":{"rendered":"<p>Cooperation Agreement Signed Between SITA and NTP \u010ca\u010dak The Serbian IT Association (SITA) is pleased to announce the signing of a Memorandum of Cooperation with the Science and Technology Park (NTP) in \u010ca\u010dak, marking the beginning of a new chapter in strengthening innovation and supporting the development of the entrepreneurial ecosystem in Serbia. This memorandum [&hellip;]<\/p>\n","protected":false},"author":5,"featured_media":6207,"comment_status":"closed","ping_status":"closed","sticky":false,"template":"","format":"standard","meta":{"footnotes":""},"categories":[10],"tags":[],"class_list":["post-6215","post","type-post","status-publish","format-standard","has-post-thumbnail","hentry","category-news"],"_links":{"self":[{"href":"https:\/\/sita.org.rs\/en\/wp-json\/wp\/v2\/posts\/6215","targetHints":{"allow":["GET"]}}],"collection":[{"href":"https:\/\/sita.org.rs\/en\/wp-json\/wp\/v2\/posts"}],"about":[{"href":"https:\/\/sita.org.rs\/en\/wp-json\/wp\/v2\/types\/post"}],"author":[{"embeddable":true,"href":"https:\/\/sita.org.rs\/en\/wp-json\/wp\/v2\/users\/5"}],"replies":[{"embeddable":true,"href":"https:\/\/sita.org.rs\/en\/wp-json\/wp\/v2\/comments?post=6215"}],"version-history":[{"count":1,"href":"https:\/\/sita.org.rs\/en\/wp-json\/wp\/v2\/posts\/6215\/revisions"}],"predecessor-version":[{"id":6218,"href":"https:\/\/sita.org.rs\/en\/wp-json\/wp\/v2\/posts\/6215\/revisions\/6218"}],"wp:featuredmedia":[{"embeddable":true,"href":"https:\/\/sita.org.rs\/en\/wp-json\/wp\/v2\/media\/6207"}],"wp:attachment":[{"href":"https:\/\/sita.org.rs\/en\/wp-json\/wp\/v2\/media?parent=6215"}],"wp:term":[{"taxonomy":"category","embeddable":true,"href":"https:\/\/sita.org.rs\/en\/wp-json\/wp\/v2\/categories?post=6215"},{"taxonomy":"post_tag","embeddable":true,"href":"https:\/\/sita.org.rs\/en\/wp-json\/wp\/v2\/tags?post=6215"}],"curies":[{"name":"wp","href":"https:\/\/api.w.org\/{rel}","templated":true}]}}